{"id":2883,"date":"2022-02-17T21:24:00","date_gmt":"2022-02-18T00:24:00","guid":{"rendered":"https:\/\/cmcurionopolis.pa.gov.br\/?p=2883"},"modified":"2022-05-14T21:50:33","modified_gmt":"2022-05-15T00:50:33","slug":"pauta-da-1o-sessao-ordinaria-17-02-2022","status":"publish","type":"post","link":"https:\/\/cmcurionopolis.pa.gov.br\/index.php\/2022\/02\/17\/pauta-da-1o-sessao-ordinaria-17-02-2022\/","title":{"rendered":"PAUTA DA 1\u00ba SESS\u00c3O ORDIN\u00c1RIA &#8211; 17\/02\/2022"},"content":{"rendered":"\n<p><strong>PAUTA DA 1\u00ba SESS\u00c3O ORDIN\u00c1RIA DA C\u00c2MARA MUNIICPAL DE CURION\u00d3POLIS, A SER REALIZADA NO DIA 17\/02\/2022<\/strong><\/p>\n\n\n\n<p><strong>ORDEM DO DIA:<\/strong><\/p>\n\n\n\n<p><strong>INDICA\u00c7\u00c3O N\u00ba 001\/2022<\/strong>, de Autoria do\u00a0<strong>Vereador Wilame do AP<\/strong>\u2013 Solicitando a constru\u00e7\u00e3o de um abrigo dos idosos, na Comunidade de Serra Pelada.<\/p>\n\n\n\n<p><strong>INDICA\u00c7\u00c3O N\u00ba 002\/2022<\/strong>, de Autoria do\u00a0<strong>Vereador Wilame do AP<\/strong>\u2013 Solicitando a constru\u00e7\u00e3o de uma pra\u00e7a com academia ao ar livre e parque infantil na \u00e1rea da caixa da \u00e1gua entre as Ruas Rio de Janeiro e Rua 7 de setembro, do Clube Resenha, na Rua Ip\u00ea.<\/p>\n\n\n\n<p><strong>INDICA\u00c7\u00c3O N\u00ba 003\/2022,<\/strong> de Autoria do\u00a0<strong>Vereador Wilame do AP<\/strong>\u2013 Solicitando a constru\u00e7\u00e3o de uma escola com quadra de esportes, para atender toda a demanda do assentamento Frei Henri.<\/p>\n\n\n\n<div class=\"is-layout-flex wp-block-buttons\">\n<div class=\"wp-block-button\"><a class=\"wp-block-button__link has-light-green-cyan-to-vivid-green-cyan-gradient-background has-background\" href=\"https:\/\/drive.google.com\/file\/d\/1H27Nm_dOpZwSVnXIAYD0gQcq2fyEcqtW\/view?usp=sharing\">BAIXAR PAUTA DA 1\u00ba SESS\u00c3O ORDIN\u00c1RIA 2022<\/a><\/div>\n<\/div>\n\n\n\n<p><\/p>\n","protected":false},"excerpt":{"rendered":"<p>PAUTA DA 1\u00ba SESS\u00c3O ORDIN\u00c1RIA DA C\u00c2MARA MUNIICPAL DE CURION\u00d3POLIS, A SER REALIZADA NO DIA 17\/02\/2022 ORDEM DO DIA: INDICA\u00c7\u00c3O N\u00ba 001\/2022, de Autoria do\u00a0Vereador Wilame do AP\u2013 Solicitando a [&hellip;]<\/p>\n","protected":false},"author":1,"featured_media":2620,"comment_status":"closed","ping_status":"closed","sticky":false,"template":"","format":"standard","meta":[],"categories":[38],"tags":[],"_links":{"self":[{"href":"https:\/\/cmcurionopolis.pa.gov.br\/index.php\/wp-json\/wp\/v2\/posts\/2883"}],"collection":[{"href":"https:\/\/cmcurionopolis.pa.gov.br\/index.php\/wp-json\/wp\/v2\/posts"}],"about":[{"href":"https:\/\/cmcurionopolis.pa.gov.br\/index.php\/wp-json\/wp\/v2\/types\/post"}],"author":[{"embeddable":true,"href":"https:\/\/cmcurionopolis.pa.gov.br\/index.php\/wp-json\/wp\/v2\/users\/1"}],"replies":[{"embeddable":true,"href":"https:\/\/cmcurionopolis.pa.gov.br\/index.php\/wp-json\/wp\/v2\/comments?post=2883"}],"version-history":[{"count":2,"href":"https:\/\/cmcurionopolis.pa.gov.br\/index.php\/wp-json\/wp\/v2\/posts\/2883\/revisions"}],"predecessor-version":[{"id":2891,"href":"https:\/\/cmcurionopolis.pa.gov.br\/index.php\/wp-json\/wp\/v2\/posts\/2883\/revisions\/2891"}],"wp:featuredmedia":[{"embeddable":true,"href":"https:\/\/cmcurionopolis.pa.gov.br\/index.php\/wp-json\/wp\/v2\/media\/2620"}],"wp:attachment":[{"href":"https:\/\/cmcurionopolis.pa.gov.br\/index.php\/wp-json\/wp\/v2\/media?parent=2883"}],"wp:term":[{"taxonomy":"category","embeddable":true,"href":"https:\/\/cmcurionopolis.pa.gov.br\/index.php\/wp-json\/wp\/v2\/categories?post=2883"},{"taxonomy":"post_tag","embeddable":true,"href":"https:\/\/cmcurionopolis.pa.gov.br\/index.php\/wp-json\/wp\/v2\/tags?post=2883"}],"curies":[{"name":"wp","href":"https:\/\/api.w.org\/{rel}","templated":true}]}}