{"id":4519,"date":"2023-04-07T18:17:38","date_gmt":"2023-04-07T21:17:38","guid":{"rendered":"https:\/\/cmcurionopolis.pa.gov.br\/?p=4519"},"modified":"2023-07-16T18:21:35","modified_gmt":"2023-07-16T21:21:35","slug":"pauta-da-5o-sessao-ordinaria-1o-periodo-30-03-2023","status":"publish","type":"post","link":"https:\/\/cmcurionopolis.pa.gov.br\/index.php\/2023\/04\/07\/pauta-da-5o-sessao-ordinaria-1o-periodo-30-03-2023\/","title":{"rendered":"PAUTA DA 5\u00ba SESS\u00c3O ORDIN\u00c1RIA \u2013 1\u00ba PERIODO \u2013 30\/03\/2023"},"content":{"rendered":"\n<p><strong>PAUTA DA 5\u00ba SESS\u00c3O ORDIN\u00c1RIA \u2013 1\u00ba PERIODO DA C\u00c2MARA MUNIICPAL DE CURION\u00d3POLIS, A SER REALIZADA NO DIA 30\/03\/2023<\/strong><\/p>\n\n\n\n<p><strong>ORDEM DO DIA:<\/strong><\/p>\n\n\n\n<p>I<strong>NDICA\u00c7\u00c3O N\u00ba 10\/202<\/strong>3, de Autoria do\u00a0<strong>Vereador Alexandre Santos<\/strong>\u2013 Solicitando a Cria\u00e7\u00e3o do N\u00facleo de aten\u00e7\u00e3o a pessoa com defici\u00eancia intelectual e autismo.<\/p>\n\n\n\n<p>I<strong>NDICA\u00c7\u00c3O N\u00ba 11\/202<\/strong>3, de Autoria do\u00a0<strong>Vereador Alexandre Santos<\/strong>\u2013 Solicitando a cria\u00e7\u00e3o Nucleo de atendimento especializado para alunos de espectro autista<\/p>\n\n\n\n<p>I<strong>NDICA\u00c7\u00c3O N\u00ba 14\/202<\/strong>3, de Autoria do\u00a0<strong>Vereador Adriana Gomes<\/strong>\u2013 Solicitando a limpeza na area f\u00edsica do acampamento FREI HENRY<\/p>\n\n\n\n<div class=\"is-layout-flex wp-block-buttons\">\n<div class=\"wp-block-button\"><a class=\"wp-block-button__link has-luminous-vivid-amber-to-luminous-vivid-orange-gradient-background has-background wp-element-button\" href=\"https:\/\/drive.google.com\/file\/d\/1aelEjFdJT3jmFyxutQKZ6A_tIE2-4f-n\/view?usp=sharing\"><strong>PAUTA DA 5\u00ba SESS\u00c3O ORDIN\u00c1RIA \u2013 REALIZADA NO DIA 30\/03\/2023<\/strong><\/a><\/div>\n<\/div>\n","protected":false},"excerpt":{"rendered":"<p>PAUTA DA 5\u00ba SESS\u00c3O ORDIN\u00c1RIA \u2013 1\u00ba PERIODO DA C\u00c2MARA MUNIICPAL DE CURION\u00d3POLIS, A SER REALIZADA NO DIA 30\/03\/2023 ORDEM DO DIA: INDICA\u00c7\u00c3O N\u00ba 10\/2023, de Autoria do\u00a0Vereador Alexandre Santos\u2013 [&hellip;]<\/p>\n","protected":false},"author":1,"featured_media":2620,"comment_status":"closed","ping_status":"closed","sticky":false,"template":"","format":"standard","meta":[],"categories":[38],"tags":[],"_links":{"self":[{"href":"https:\/\/cmcurionopolis.pa.gov.br\/index.php\/wp-json\/wp\/v2\/posts\/4519"}],"collection":[{"href":"https:\/\/cmcurionopolis.pa.gov.br\/index.php\/wp-json\/wp\/v2\/posts"}],"about":[{"href":"https:\/\/cmcurionopolis.pa.gov.br\/index.php\/wp-json\/wp\/v2\/types\/post"}],"author":[{"embeddable":true,"href":"https:\/\/cmcurionopolis.pa.gov.br\/index.php\/wp-json\/wp\/v2\/users\/1"}],"replies":[{"embeddable":true,"href":"https:\/\/cmcurionopolis.pa.gov.br\/index.php\/wp-json\/wp\/v2\/comments?post=4519"}],"version-history":[{"count":1,"href":"https:\/\/cmcurionopolis.pa.gov.br\/index.php\/wp-json\/wp\/v2\/posts\/4519\/revisions"}],"predecessor-version":[{"id":4520,"href":"https:\/\/cmcurionopolis.pa.gov.br\/index.php\/wp-json\/wp\/v2\/posts\/4519\/revisions\/4520"}],"wp:featuredmedia":[{"embeddable":true,"href":"https:\/\/cmcurionopolis.pa.gov.br\/index.php\/wp-json\/wp\/v2\/media\/2620"}],"wp:attachment":[{"href":"https:\/\/cmcurionopolis.pa.gov.br\/index.php\/wp-json\/wp\/v2\/media?parent=4519"}],"wp:term":[{"taxonomy":"category","embeddable":true,"href":"https:\/\/cmcurionopolis.pa.gov.br\/index.php\/wp-json\/wp\/v2\/categories?post=4519"},{"taxonomy":"post_tag","embeddable":true,"href":"https:\/\/cmcurionopolis.pa.gov.br\/index.php\/wp-json\/wp\/v2\/tags?post=4519"}],"curies":[{"name":"wp","href":"https:\/\/api.w.org\/{rel}","templated":true}]}}