{"id":7620,"date":"2026-08-19T10:47:07","date_gmt":"2026-08-19T13:47:07","guid":{"rendered":"https:\/\/cmcurionopolis.pa.gov.br\/?p=7620"},"modified":"2026-08-24T11:22:42","modified_gmt":"2026-08-24T14:22:42","slug":"pauta-da-2o-sessao-ordinaria-2o-periodo-20-08-2026","status":"publish","type":"post","link":"https:\/\/cmcurionopolis.pa.gov.br\/index.php\/2026\/08\/19\/pauta-da-2o-sessao-ordinaria-2o-periodo-20-08-2026\/","title":{"rendered":"PAUTA DA 2\u00ba SESS\u00c3O ORDIN\u00c1RIA \u2013 2\u00ba PERIODO \u2013 20\/08\/2026"},"content":{"rendered":"\n<p><strong>PAUTA DA 2\u00ba SESS\u00c3O ORDIN\u00c1RIA \u2013 1\u00ba PERIODO DA C\u00c2MARA MUNICIPAL DE CURION\u00d3POLIS A SER REALIZADA NO DIA 20\/08\/2026<\/strong><\/p>\n\n\n\n<p><strong>ORDEM DO DIA:<\/strong><\/p>\n\n\n\n<ul>\n<li>Projeto de Lei n\u00b0 004\/2026 \u2013 Poder Legislativo &#8211; Ver. Aderbal da Padaria\u2013 Reconhece o C\u00edrio das Gra\u00e7as como patrim\u00f4nio cultural imaterial.<\/li>\n<\/ul>\n\n\n\n<ul>\n<li>Requerimento n\u00b0 06\/2026 \u2013 Vereadora Edilei Lopes \u2013 Execuca\u00e7\u00e3o de Obras de cal\u00e7amento e pavimenta\u00e7\u00e3o da Rua Tucupi<\/li>\n<\/ul>\n\n\n\n<ul>\n<li>Indica\u00e7\u00e3o n\u00b0 27\/2026 \u2013 Vereadora Edilei Lopes \u2013 Constru\u00e7\u00e3o ou Instala\u00e7\u00e3o de banheiros p\u00fablicos em locais de grande circula\u00e7\u00e3o de pessoas<\/li>\n<\/ul>\n\n\n\n<div class=\"is-layout-flex wp-block-buttons\">\n<div class=\"wp-block-button\"><a class=\"wp-block-button__link has-white-color has-luminous-vivid-amber-to-luminous-vivid-orange-gradient-background has-text-color has-background wp-element-button\" href=\"https:\/\/drive.google.com\/file\/d\/1FLLFvbtJo9BlzgENvIhlLkGjYmSL45Kv\/view?usp=sharing\">PAUTA DA 2\u00ba SESS\u00c3O ORDIN\u00c1RIA \u2013 2\u00ba PERIODO \u2013 20\/08\/2026<\/a><\/div>\n<\/div>\n","protected":false},"excerpt":{"rendered":"<p>PAUTA DA 2\u00ba SESS\u00c3O ORDIN\u00c1RIA \u2013 1\u00ba PERIODO DA C\u00c2MARA MUNICIPAL DE CURION\u00d3POLIS A SER REALIZADA NO DIA 20\/08\/2026 ORDEM DO DIA:<\/p>\n","protected":false},"author":1,"featured_media":0,"comment_status":"closed","ping_status":"closed","sticky":false,"template":"","format":"standard","meta":[],"categories":[38],"tags":[],"_links":{"self":[{"href":"https:\/\/cmcurionopolis.pa.gov.br\/index.php\/wp-json\/wp\/v2\/posts\/7620"}],"collection":[{"href":"https:\/\/cmcurionopolis.pa.gov.br\/index.php\/wp-json\/wp\/v2\/posts"}],"about":[{"href":"https:\/\/cmcurionopolis.pa.gov.br\/index.php\/wp-json\/wp\/v2\/types\/post"}],"author":[{"embeddable":true,"href":"https:\/\/cmcurionopolis.pa.gov.br\/index.php\/wp-json\/wp\/v2\/users\/1"}],"replies":[{"embeddable":true,"href":"https:\/\/cmcurionopolis.pa.gov.br\/index.php\/wp-json\/wp\/v2\/comments?post=7620"}],"version-history":[{"count":2,"href":"https:\/\/cmcurionopolis.pa.gov.br\/index.php\/wp-json\/wp\/v2\/posts\/7620\/revisions"}],"predecessor-version":[{"id":7624,"href":"https:\/\/cmcurionopolis.pa.gov.br\/index.php\/wp-json\/wp\/v2\/posts\/7620\/revisions\/7624"}],"wp:attachment":[{"href":"https:\/\/cmcurionopolis.pa.gov.br\/index.php\/wp-json\/wp\/v2\/media?parent=7620"}],"wp:term":[{"taxonomy":"category","embeddable":true,"href":"https:\/\/cmcurionopolis.pa.gov.br\/index.php\/wp-json\/wp\/v2\/categories?post=7620"},{"taxonomy":"post_tag","embeddable":true,"href":"https:\/\/cmcurionopolis.pa.gov.br\/index.php\/wp-json\/wp\/v2\/tags?post=7620"}],"curies":[{"name":"wp","href":"https:\/\/api.w.org\/{rel}","templated":true}]}}